{"id":37,"date":"2023-02-07T15:41:18","date_gmt":"2023-02-07T14:41:18","guid":{"rendered":"https:\/\/www.fimmgteramo.it\/blog\/?p=37"},"modified":"2023-03-23T15:45:24","modified_gmt":"2023-03-23T14:45:24","slug":"anche-il-segretario-nazionale-fimmg-alla-giornata-sul-tema-dellassistenza-territoriale-sociosanitaria","status":"publish","type":"post","link":"https:\/\/www.fimmgteramo.it\/blog\/anche-il-segretario-nazionale-fimmg-alla-giornata-sul-tema-dellassistenza-territoriale-sociosanitaria\/","title":{"rendered":"Anche il Segretario Nazionale FIMMG alla giornata sul tema dell\u2019assistenza territoriale sociosanitaria"},"content":{"rendered":"\n<p>Ci sar\u00e0 anche Silvestro Scotti, Segretario Generale Nazionale della FIMMG, la Federazione Italiana Medici di Medicina Generale, alla giornata di studi sul tema dell\u2019assistenza territoriale sociosanitaria, evento promosso dalla Diocesi di Teramo \u2013 Atri e in programma venerd\u00ec 10 febbraio, a Villa Fiorita (Giulianova), dalle ore 9 in poi.<\/p>\n\n\n\n<p>Scotti tratter\u00e0 in particolare il tema dell\u2019assistenza domiciliare dal punto di vista dell\u2019assistenza primaria.<\/p>\n\n\n\n<p>\u201cSiamo lieti \u2013 dichiara Valentina Antonacci, segretario provinciale FIMMG Teramo \u2013 di accogliere il segretario nazionale FIMMG che guida la nostra categoria con passione, competenza, professionalit\u00e0 e rinnovamento, dimostrando la sua attenzione per il nostro territorio. La recente pandemia ci ha insegnato quanto sia importante la medicina territoriale ed \u00e8 pertanto fondamentale investire nel rilancio e nella valorizzazione della figura del medico di assistenza sanitaria primaria, in un sistema sanitario pubblico non pi\u00f9 focalizzato sulla patologia, ma centrato sulla presa in carico del paziente. Il primo luogo di cura deve essere il domicilio del cittadino, mantenere il contatto con la famiglia \u00e8 parte integrante del percorso di assistenza e a fare da guida \u00e8 il medico di assistenza primaria. La nostra Asl peraltro \u00e8 pioniera e unica in Abruzzo: gi\u00e0 da anni sta sperimentando il modello organizzativo, previsto dalla recente normativa, delle Unit\u00e0 Complesse di Cure Primarie (UCCP) e Aggregazioni Funzionali Territoriali (AFT)\u201d.<\/p>\n","protected":false},"excerpt":{"rendered":"<p>Ci sar\u00e0 anche Silvestro Scotti, Segretario Generale Nazionale della FIMMG, la Federazione Italiana Medici di Medicina Generale, alla giornata di studi sul tema dell\u2019assistenza territoriale sociosanitaria, evento promosso dalla Diocesi di Teramo \u2013 Atri e in programma venerd\u00ec 10 febbraio, a Villa Fiorita (Giulianova), dalle ore 9 in poi. Scotti tratter\u00e0 in particolare il tema dell\u2019assistenza domiciliare dal punto di vista dell\u2019assistenza primaria. \u201cSiamo lieti \u2013 dichiara Valentina Antonacci, segretario provinciale FIMMG Teramo \u2013 di accogliere il segretario nazionale FIMMG che guida la nostra categoria con passione, competenza, professionalit\u00e0 e rinnovamento, dimostrando la sua attenzione per il nostro territorio. La [&hellip;]<\/p>\n","protected":false},"author":3,"featured_media":27,"comment_status":"closed","ping_status":"closed","sticky":false,"template":"","format":"standard","meta":{"_jetpack_memberships_contains_paid_content":false,"footnotes":""},"categories":[5],"tags":[7,6,9,8],"class_list":["post-37","post","type-post","status-publish","format-standard","has-post-thumbnail","hentry","category-eventi","tag-assistenza-territoriale","tag-nazionale","tag-silvestro-scotti","tag-valentina-antonacci"],"jetpack_featured_media_url":"https:\/\/www.fimmgteramo.it\/blog\/wp-content\/uploads\/2023\/03\/fimmg.png","jetpack_sharing_enabled":true,"_links":{"self":[{"href":"https:\/\/www.fimmgteramo.it\/blog\/wp-json\/wp\/v2\/posts\/37","targetHints":{"allow":["GET"]}}],"collection":[{"href":"https:\/\/www.fimmgteramo.it\/blog\/wp-json\/wp\/v2\/posts"}],"about":[{"href":"https:\/\/www.fimmgteramo.it\/blog\/wp-json\/wp\/v2\/types\/post"}],"author":[{"embeddable":true,"href":"https:\/\/www.fimmgteramo.it\/blog\/wp-json\/wp\/v2\/users\/3"}],"replies":[{"embeddable":true,"href":"https:\/\/www.fimmgteramo.it\/blog\/wp-json\/wp\/v2\/comments?post=37"}],"version-history":[{"count":1,"href":"https:\/\/www.fimmgteramo.it\/blog\/wp-json\/wp\/v2\/posts\/37\/revisions"}],"predecessor-version":[{"id":38,"href":"https:\/\/www.fimmgteramo.it\/blog\/wp-json\/wp\/v2\/posts\/37\/revisions\/38"}],"wp:featuredmedia":[{"embeddable":true,"href":"https:\/\/www.fimmgteramo.it\/blog\/wp-json\/wp\/v2\/media\/27"}],"wp:attachment":[{"href":"https:\/\/www.fimmgteramo.it\/blog\/wp-json\/wp\/v2\/media?parent=37"}],"wp:term":[{"taxonomy":"category","embeddable":true,"href":"https:\/\/www.fimmgteramo.it\/blog\/wp-json\/wp\/v2\/categories?post=37"},{"taxonomy":"post_tag","embeddable":true,"href":"https:\/\/www.fimmgteramo.it\/blog\/wp-json\/wp\/v2\/tags?post=37"}],"curies":[{"name":"wp","href":"https:\/\/api.w.org\/{rel}","templated":true}]}}